{"id":1486,"date":"2025-07-31T10:06:53","date_gmt":"2025-07-31T10:06:53","guid":{"rendered":"https:\/\/zdravljestudenata.ba\/?p=1486"},"modified":"2025-07-31T10:07:43","modified_gmt":"2025-07-31T10:07:43","slug":"obavijest-kandidatima-o-pismenom-i-usmenom-ispitu","status":"publish","type":"post","link":"https:\/\/zdravljestudenata.ba\/?p=1486","title":{"rendered":"Obavijest kandidatima o pismenom i usmenom ispitu"},"content":{"rendered":"\n<p class=\"has-text-align-center\"><strong>O B A V I J E S T<\/strong><\/p>\n\n\n\n<p class=\"has-text-align-center\"><strong><u>POLAGANJE PISMENOG I USMENOG ISPITA<\/u><\/strong><\/p>\n\n\n\n<p><strong>Javni oglas za prijem&nbsp; u radni odnos na neodre\u0111eno vrijeme za radno mjesto Samostalni stru\u010dni saradnik za pravne, op\u0161te i kadrovske poslove (1 izvr\u0161ilac) objavljen dana 09.07.2025. godine<\/strong><\/p>\n\n\n\n<p>Obavje\u0161tavamo kandidate da je Komisija za provo\u0111enje javnog oglasa za prijem u radni odnos za radno mjesto <strong>Samostalni stru\u010dni saradnik za pravne, op\u0161te i kadrovske poslove <\/strong>objavljen dana 09.07.2025. godine u dnevnim novinama Oslobo\u0111enje, web stranici Slu\u017ebe za zapo\u0161ljavanje Kantona Sarajevo i web stranici JU KS Zavod za zdravstvenu za\u0161titu studenata Univerziteta u Sarajevu, utvrdila termine pismenog i usmenog ispita te kreirala spisak kandidata koji su zadovoljili formalno-pravne uslove za pristupanje pismenom i usmenom ispitu, a istim \u0107e biti upu\u0107en poziv putem emaila. Za kandidate koji nisu naveli email adresu prilikom prijave na javni oglas, obavijest o terminima ispita \u0107e biti poslana putem po\u0161te.<\/p>\n\n\n\n<p>NAPOMENA:<\/p>\n\n\n\n<p class=\"has-text-align-left\">Kandidati su du\u017eni da na ispite ponesu <strong>identifikacioni dokument sa slikom<\/strong> (li\u010dna karta, voza\u010dka dozvola, paso\u0161) kako bi se prilikom pismenog i usmenog ispita mogao utvrditi identitet lica koja su pristupili istom.<\/p>\n\n\n\n<p class=\"has-text-align-center\"><\/p>\n\n\n\n<p><strong>PRIJEMNI ISPIT PRVA GRUPA:<\/strong><\/p>\n\n\n\n<style>\n  .prijemni-tabela {\n    width: 100%;\n    border-collapse: collapse;\n    overflow-x: auto;\n  }\n  .prijemni-tabela th, .prijemni-tabela td {\n    border: 1px solid #ccc;\n    padding: 8px;\n    text-align: left;\n    white-space: nowrap;\n  }\n  .prijemni-tabela th {\n    background-color: #f0f0f0;\n  }\n  .tabela-wrapper {\n    overflow-x: auto;\n  }\n<\/style>\n\n<div class=\"tabela-wrapper\">\n  <table class=\"prijemni-tabela\">\n    <thead>\n      <tr>\n        <th>IME I PREZIME KANDIDATA<\/th>\n        <th>DATUM ODR\u017dAVANJA ISPITA<\/th>\n        <th>VRIJEME ODR\u017dAVANJA ISPITA<\/th>\n        <th>MJESTO ODR\u017dAVANJA ISPITA<\/th>\n      <\/tr>\n    <\/thead>\n    <tbody>\n      <tr><td>FIKRET ANDELIJA<\/td><td>Utorak, 02.09.2025.<\/td><td>09:00 h<\/td><td>III sprat, Kancelarija 426<\/td><\/tr>\n      <tr><td>NEIRA \u010cAPLJI\u0106<\/td><td>Utorak, 02.09.2025.<\/td><td>09:00 h<\/td><td>III sprat, Kancelarija 426<\/td><\/tr>\n      <tr><td>BELMA LOJI\u0106<\/td><td>Utorak, 02.09.2025.<\/td><td>09:00 h<\/td><td>III sprat, Kancelarija 426<\/td><\/tr>\n      <tr><td>EMINA BURZA<\/td><td>Utorak, 02.09.2025.<\/td><td>09:00 h<\/td><td>III sprat, Kancelarija 426<\/td><\/tr>\n      <tr><td>MEHMEDALIJA ZAGORICA<\/td><td>Utorak, 02.09.2025.<\/td><td>09:00 h<\/td><td>III sprat, Kancelarija 426<\/td><\/tr>\n      <tr><td>MERIMA MA\u0160I\u0106<\/td><td>Utorak, 02.09.2025.<\/td><td>09:00 h<\/td><td>III sprat, Kancelarija 426<\/td><\/tr>\n      <tr><td>ELMA REIZ \u2013 BE\u0160I\u0106<\/td><td>Utorak, 02.09.2025.<\/td><td>09:00 h<\/td><td>III sprat, Kancelarija 426<\/td><\/tr>\n      <tr><td>TARIK \u0160KRGO<\/td><td>Utorak, 02.09.2025.<\/td><td>09:00 h<\/td><td>III sprat, Kancelarija 426<\/td><\/tr>\n      <tr><td>LEJLA FETAHOVI\u0106<\/td><td>Utorak, 02.09.2025.<\/td><td>09:00 h<\/td><td>III sprat, Kancelarija 426<\/td><\/tr>\n      <tr><td>AZRA HOD\u017dI\u0106 UDVIN\u010cI\u0106<\/td><td>Utorak, 02.09.2025.<\/td><td>09:00 h<\/td><td>III sprat, Kancelarija 426<\/td><\/tr>\n      <tr><td>AMINA BOGU\u010cANIN<\/td><td>Utorak, 02.09.2025.<\/td><td>09:00 h<\/td><td>III sprat, Kancelarija 426<\/td><\/tr>\n    <\/tbody>\n  <\/table>\n<\/div>\n\n\n\n\n<p><strong>PRIJEMNI ISPIT PRVA GRUPA:<\/strong><\/p>\n\n\n\n<style>\n  .prijemni-tabela {\n    width: 100%;\n    border-collapse: collapse;\n    overflow-x: auto;\n  }\n  .prijemni-tabela th, .prijemni-tabela td {\n    border: 1px solid #ccc;\n    padding: 8px;\n    text-align: left;\n    white-space: nowrap;\n  }\n  .prijemni-tabela th {\n    background-color: #f0f0f0;\n  }\n  .tabela-wrapper {\n    overflow-x: auto;\n  }\n<\/style>\n\n<div class=\"tabela-wrapper\">\n  <table class=\"prijemni-tabela\">\n    <thead>\n      <tr>\n        <th>IME I PREZIME KANDIDATA<\/th>\n        <th>DATUM ODR\u017dAVANJA ISPITA<\/th>\n        <th>VRIJEME ODR\u017dAVANJA ISPITA<\/th>\n        <th>MJESTO ODR\u017dAVANJA ISPITA<\/th>\n      <\/tr>\n    <\/thead>\n    <tbody>\n      <tr><td>MUAMERA IMAMOVI\u0106<\/td><td>Utorak, 02.09.2025.<\/td><td>10:00 h<\/td><td>III sprat, Kancelarija 426<\/td><\/tr>\n      <tr><td>AMRA BE\u0160I\u0106<\/td><td>Utorak, 02.09.2025.<\/td><td>10:00 h<\/td><td>III sprat, Kancelarija 426<\/td><\/tr>\n      <tr><td>IRMA ZULOVI\u0106     AVDI\u0106<\/td><td>Utorak, 02.09.2025.<\/td><td>10:00 h<\/td><td>III sprat, Kancelarija 426<\/td><\/tr>\n      <tr><td>MIRHUNISA HALILOVI\u0106<\/td><td>Utorak, 02.09.2025.<\/td><td>10:00 h<\/td><td>III sprat, Kancelarija 426<\/td><\/tr>\n      <tr><td>HALID KARI\u0106<\/td><td>Utorak, 02.09.2025.<\/td><td>10:00 h<\/td><td>III sprat, Kancelarija 426<\/td><\/tr>\n      <tr><td>LEJLA ALI\u0106<\/td><td>Utorak, 02.09.2025.<\/td><td>10:00 h<\/td><td>III sprat, Kancelarija 426<\/td><\/tr>\n      <tr><td>EMINA JAMAK<\/td><td>Utorak, 02.09.2025.<\/td><td>10:00 h<\/td><td>III sprat, Kancelarija 426<\/td><\/tr>\n      <tr><td>MEHO BAJRAKTAREVI\u0106<\/td><td>Utorak, 02.09.2025.<\/td><td>10:00 h<\/td><td>III sprat, Kancelarija 426<\/td><\/tr>\n      <tr><td>UNA STEPANOVI\u0106<\/td><td>Utorak, 02.09.2025.<\/td><td>10:00 h<\/td><td>III sprat, Kancelarija 426<\/td><\/tr>\n      <tr><td>SANJA SAVI\u0106<\/td><td>Utorak, 02.09.2025.<\/td><td>10:00 h<\/td><td>III sprat, Kancelarija 426<\/td><\/tr>\n      <tr><td>MIRHA \u0160ABOVI\u0106<\/td><td>Utorak, 02.09.2025.<\/td><td>10:00 h<\/td><td>III sprat, Kancelarija 426<\/td><\/tr>\n    <\/tbody>\n  <\/table>\n<\/div>\n\n\n\n<p><\/p>\n\n\n\n<p><\/p>\n\n\n\n<p><\/p>\n\n\n\n<p><strong>USMENI ISPIT \u0107e se obaviti sa kandidatima koji prethodno pristupe polaganju pismenog ispita. Usmeni ispit \u0107e se odr\u017eati u <u>\u010detvrtak, 04.09.2025. godine, sa po\u010detkom u 09:00h.<\/u><\/strong><\/p>\n\n\n\n<p><\/p>\n\n\n\n<p><\/p>\n","protected":false},"excerpt":{"rendered":"<p>O B A V I J E S T POLAGANJE PISMENOG I USMENOG ISPITA Javni oglas za prijem&nbsp; u radni odnos na neodre\u0111eno vrijeme za radno mjesto Samostalni stru\u010dni saradnik za pravne, op\u0161te i kadrovske poslove (1 izvr\u0161ilac) objavljen dana 09.07.2025. godine Obavje\u0161tavamo kandidate da je Komisija za provo\u0111enje javnog oglasa za prijem u radni [&hellip;]<\/p>\n","protected":false},"author":1,"featured_media":28,"comment_status":"closed","ping_status":"open","sticky":false,"template":"","format":"standard","meta":{"_monsterinsights_skip_tracking":false,"_monsterinsights_sitenote_active":false,"_monsterinsights_sitenote_note":"","_monsterinsights_sitenote_category":0,"footnotes":""},"categories":[8],"tags":[],"class_list":["post-1486","post","type-post","status-publish","format-standard","has-post-thumbnail","hentry","category-oglasi"],"_links":{"self":[{"href":"https:\/\/zdravljestudenata.ba\/index.php?rest_route=\/wp\/v2\/posts\/1486"}],"collection":[{"href":"https:\/\/zdravljestudenata.ba\/index.php?rest_route=\/wp\/v2\/posts"}],"about":[{"href":"https:\/\/zdravljestudenata.ba\/index.php?rest_route=\/wp\/v2\/types\/post"}],"author":[{"embeddable":true,"href":"https:\/\/zdravljestudenata.ba\/index.php?rest_route=\/wp\/v2\/users\/1"}],"replies":[{"embeddable":true,"href":"https:\/\/zdravljestudenata.ba\/index.php?rest_route=%2Fwp%2Fv2%2Fcomments&post=1486"}],"version-history":[{"count":7,"href":"https:\/\/zdravljestudenata.ba\/index.php?rest_route=\/wp\/v2\/posts\/1486\/revisions"}],"predecessor-version":[{"id":1496,"href":"https:\/\/zdravljestudenata.ba\/index.php?rest_route=\/wp\/v2\/posts\/1486\/revisions\/1496"}],"wp:featuredmedia":[{"embeddable":true,"href":"https:\/\/zdravljestudenata.ba\/index.php?rest_route=\/wp\/v2\/media\/28"}],"wp:attachment":[{"href":"https:\/\/zdravljestudenata.ba\/index.php?rest_route=%2Fwp%2Fv2%2Fmedia&parent=1486"}],"wp:term":[{"taxonomy":"category","embeddable":true,"href":"https:\/\/zdravljestudenata.ba\/index.php?rest_route=%2Fwp%2Fv2%2Fcategories&post=1486"},{"taxonomy":"post_tag","embeddable":true,"href":"https:\/\/zdravljestudenata.ba\/index.php?rest_route=%2Fwp%2Fv2%2Ftags&post=1486"}],"curies":[{"name":"wp","href":"https:\/\/api.w.org\/{rel}","templated":true}]}}